[{"@context":"https:\/\/schema.org\/","@type":"Article","@id":"https:\/\/www.companion.cz\/slovensky-podnikatel-v-praze\/#Article","mainEntityOfPage":"https:\/\/www.companion.cz\/slovensky-podnikatel-v-praze\/","headline":"Slovensk\u00fd podnikatel v Praze","name":"Slovensk\u00fd podnikatel v Praze","description":"T\u00edmto mu\u017eem je Milan Fi\u013eo. Letos je mu pades\u00e1t t\u0159i let a je rod\u00e1k z Brezna. Jeho \u017eivot se skl\u00e1d\u00e1 jen z v\u00fdhodn\u00fdch pozic. Zpo\u010d\u00e1tku &bdquo;pouze&ldquo; obchodn\u00ed \u0159editel, pak p\u0159edseda p\u0159edstavenstva a op\u011bt \u0159editel, ale [&hellip;]","datePublished":"2019-10-17","dateModified":"2023-05-06","author":{"@type":"Person","@id":"https:\/\/www.companion.cz\/author\/#Person","name":"","url":"https:\/\/www.companion.cz\/author\/","identifier":1,"image":{"@type":"ImageObject","@id":"https:\/\/secure.gravatar.com\/avatar\/9bbe1b3bd68cf5b616cc697a459b86e3be4df6c120806baf939f8aad94b0a3d6?s=96&d=mm&r=g","url":"https:\/\/secure.gravatar.com\/avatar\/9bbe1b3bd68cf5b616cc697a459b86e3be4df6c120806baf939f8aad94b0a3d6?s=96&d=mm&r=g","height":96,"width":96}},"publisher":{"@type":"Organization","name":"companion.cz","logo":{"@type":"ImageObject","@id":"\/logo.png","url":"\/logo.png","width":600,"height":60}},"image":{"@type":"ImageObject","@id":"https:\/\/www.companion.cz\/wp-content\/uploads\/img_a356326_w2609_t1570953664.jpg","url":"https:\/\/www.companion.cz\/wp-content\/uploads\/img_a356326_w2609_t1570953664.jpg","height":0,"width":0},"url":"https:\/\/www.companion.cz\/slovensky-podnikatel-v-praze\/","about":["Podnik\u00e1n\u00ed"],"wordCount":411,"articleBody":"T\u00edmto mu\u017eem je Milan Fi\u013eo. Letos je mu pades\u00e1t t\u0159i let a je rod\u00e1k z Brezna. Jeho \u017eivot se skl\u00e1d\u00e1 jen z v\u00fdhodn\u00fdch pozic. Zpo\u010d\u00e1tku &bdquo;pouze&ldquo; obchodn\u00ed \u0159editel, pak p\u0159edseda p\u0159edstavenstva a op\u011bt \u0159editel, ale tentokr\u00e1te ji\u017e gener\u00e1ln\u00ed.P\u0159esto v\u0161echno stihl tento chlap\u00edk je\u0161t\u011b i podnikat a p\u0159evz\u00edt medaili od na\u0161eho presidenta. Prost\u011b v\u0161estrann\u00fd mu\u017e.Miliard\u00e1\u0159e z n\u011bj ud\u011blala slovensk\u00e1 pap\u00edrna a celul\u00f3zka v Ru\u017eomberoku. Pap\u00edr je v\u016fbec jeho dom\u00e9na. A mimochodem v t\u00e9m\u017ee m\u011bst\u011b z\u00edskal titul docent.Takt\u00e9\u017e je vlastn\u00edkem skupiny Eco Investment. To je vlastn\u011b \u010desko-slovensk\u00fd pr\u016fmyslov\u011b-investi\u010dn\u00ed holding. Zab\u00fdv\u00e1 se investicemi po cel\u00e9 Evrop\u011b. Hlavn\u00ed jsou, jak jinak, investice do celul\u00f3zy.V Praze vlastn\u00ed Hibernii, a nyn\u00ed se rozhodl \u010d\u00e1st p\u0159estav\u011bt na kancel\u00e1\u0159e a butiky. Tedy, kancel\u00e1\u0159skou a obchodn\u00ed budovu. Tento z\u00e1m\u011br je jist\u011b velmi dob\u0159e spo\u010d\u00edtan\u00fd, v\u017edy\u0165 je zn\u00e1mo, \u017ee ceny se ve st\u0159edu Prahy pohybuj\u00ed hodn\u011b p\u0159es dvacet \u0161est euro. My\u0161leno t\u00edm pochopiteln\u011b za metr a na m\u011bs\u00edc. I p\u0159es tuto nehor\u00e1znou zlod\u011bjnu je z\u00e1jemc\u016f tolik, \u017ee se pr\u00fd na ostatn\u00ed ji\u017e nedostalo a po dokon\u010den\u00ed prac\u00ed jsou m\u00edsta pro kancel\u00e1\u0159e beznad\u011bjn\u011b obsazeny.Pr\u00e1ce prov\u00e1d\u00ed firma Lagerirs, ta dle pl\u00e1n\u016f ponech\u00e1 p\u016fvodn\u00ed podchod, a i jinak by m\u011bl r\u00e1z budovy z\u016fstat nezm\u011bn\u011bn n\u011bjak drasticky. Na to v\u0161e by m\u011bla p\u0159\u00edsn\u011b dohl\u00ed\u017eet komise pam\u00e1tkov\u00e9 p\u00e9\u010de. Ta by m\u011bla kontrolovat i restaur\u00e1torsk\u00e9 pr\u00e1ce, kter\u00e9 zde budou prov\u00e1d\u011bny.V cel\u00e9 budov\u011b bude k dispozici 1220 metr\u016f \u010dtvere\u010dn\u00edch kancel\u00e1\u0159\u00ed a prodejn\u00edch prostor, pochopiteln\u011b se v\u0161\u00edm z\u00e1zem\u00edm a komfortem.Jen tak na okraj, sousedstv\u00ed stoj\u00ed i b\u00fdval\u00fd kl\u00e1\u0161ter. M\u00edn\u011bn ten na N\u00e1m\u011bst\u00ed republiky. Ten koupil tak\u00e9 pan Fi\u013eo.Na z\u00e1v\u011br \u010dl\u00e1nku je\u0161t\u011b up\u0159esn\u011bn\u00ed on\u00e9 medaile od na\u0161eho presidenta. Stalo se tak v roce 1988 a byla ud\u011blena za z\u00e1sluhy o \u010desk\u00fd st\u00e1t v oblasti um\u011bn\u00ed. Pan Fi\u013eo je toti\u017e jeho mecen\u00e1\u0161em. Pop\u0159ejme mu hodn\u011b zdrav\u00ed.&nbsp;                                                                                                                                                                                                                                                                                                                                                                                        4\/5 - (11 votes)        "},{"@context":"https:\/\/schema.org\/","@type":"BreadcrumbList","itemListElement":[{"@type":"ListItem","position":1,"name":"Slovensk\u00fd podnikatel v Praze","item":"https:\/\/www.companion.cz\/slovensky-podnikatel-v-praze\/#breadcrumbitem"}]}]