[{"@context":"https:\/\/schema.org\/","@type":"Article","@id":"https:\/\/www.companion.cz\/moderni-ventilatory-vyuzijete-jiste-i-vy\/#Article","mainEntityOfPage":"https:\/\/www.companion.cz\/moderni-ventilatory-vyuzijete-jiste-i-vy\/","headline":"Modern\u00ed ventil\u00e1tory vyu\u017eijete jist\u011b i vy","name":"Modern\u00ed ventil\u00e1tory vyu\u017eijete jist\u011b i vy","description":"Jestli se i vy sna\u017ete o to, aby bylo va\u0161e vybaven\u00ed doma naprosto perfektn\u00ed, nem\u011bli byste zapom\u00ednat na to, po\u0159\u00eddit si n\u011bco, co u v\u00e1s doma zp\u0159\u00edjemn\u00ed prost\u0159ed\u00ed. Hlavn\u011b v l\u00e9t\u011b je d\u016fle\u017eit\u00e9, aby v\u00e1m [&hellip;]","datePublished":"2025-04-14","dateModified":"2025-04-14","author":{"@type":"Person","@id":"https:\/\/www.companion.cz\/author\/#Person","name":"","url":"https:\/\/www.companion.cz\/author\/","identifier":1,"image":{"@type":"ImageObject","@id":"https:\/\/secure.gravatar.com\/avatar\/9bbe1b3bd68cf5b616cc697a459b86e3be4df6c120806baf939f8aad94b0a3d6?s=96&d=mm&r=g","url":"https:\/\/secure.gravatar.com\/avatar\/9bbe1b3bd68cf5b616cc697a459b86e3be4df6c120806baf939f8aad94b0a3d6?s=96&d=mm&r=g","height":96,"width":96}},"publisher":{"@type":"Organization","name":"companion.cz","logo":{"@type":"ImageObject","@id":"\/logo.png","url":"\/logo.png","width":600,"height":60}},"url":"https:\/\/www.companion.cz\/moderni-ventilatory-vyuzijete-jiste-i-vy\/","wordCount":247,"articleBody":" Jestli se i vy sna\u017ete o to, aby bylo va\u0161e vybaven\u00ed doma naprosto perfektn\u00ed, nem\u011bli byste zapom\u00ednat na to, po\u0159\u00eddit si n\u011bco, co u v\u00e1s doma zp\u0159\u00edjemn\u00ed prost\u0159ed\u00ed. Hlavn\u011b v l\u00e9t\u011b je d\u016fle\u017eit\u00e9, aby v\u00e1m nebylo teplo a abyste si skv\u011ble odpo\u010dinuli. Proto byste m\u011bli naj\u00edt n\u011bkoho, kdo m\u00e1 v nab\u00eddce ventil\u00e1tor stojanov\u00fd. D\u00edky tomu, \u017ee se pro toto v\u0161echno spolehnete, budete spokojen\u00ed a m\u016f\u017eete si b\u00fdt jist\u00ed t\u00edm, \u017ee v\u00e1m to bude vyhovovat. I d\u00edky tomu se pro toto \u0159e\u0161en\u00ed rozhodnulo mnoho lid\u00ed. Proto si i vy v nab\u00eddce vyberete v\u0161echno to, co pot\u0159ebujete a budete m\u00edt jistotu, \u017ee se v\u00e1m to vyplat\u00ed na sto procent. Nev\u00e1hejte se o tomto v\u0161em p\u0159esv\u011bd\u010dit t\u00edm, \u017ee si jeden po\u0159\u00edd\u00edte. Nebojte se toho, \u017ee v\u0161e nevy\u0159e\u0161\u00edte jednodu\u0161e Doopravdy se nemus\u00edte b\u00e1t toho, \u017ee byste v\u0161echno nevy\u0159e\u0161ili doopravdy jednodu\u0161e a bez pot\u00ed\u017e\u00ed. Jde o to, abyste se snadno dohodnuli na v\u0161em pot\u0159ebn\u00e9m a abyste vy\u0159e\u0161ili jak\u00e9koli nejasnosti. Proto byste m\u011bli kontaktovat dodavatele a v\u0161echno s n\u00edm jednodu\u0161e vy\u0159e\u0161it. Budete tak m\u00edt spr\u00e1vn\u00fd model, kter\u00fd se v\u00e1m l\u00edb\u00ed a kter\u00fd v\u00e1m pln\u011b vyhovuje.                                                                                                                                                                                                                                                                                                                                                                                                 "},{"@context":"https:\/\/schema.org\/","@type":"BreadcrumbList","itemListElement":[{"@type":"ListItem","position":1,"name":"Modern\u00ed ventil\u00e1tory vyu\u017eijete jist\u011b i vy","item":"https:\/\/www.companion.cz\/moderni-ventilatory-vyuzijete-jiste-i-vy\/#breadcrumbitem"}]}]